    {"id":6635,"date":"2024-06-21T16:03:29","date_gmt":"2024-06-21T14:03:29","guid":{"rendered":"https:\/\/vsklausen.at\/?p=6635"},"modified":"2025-10-22T16:06:11","modified_gmt":"2025-10-22T14:06:11","slug":"wandertag","status":"publish","type":"post","link":"https:\/\/vsklausen.at\/neu\/index.php\/2024\/06\/21\/wandertag\/","title":{"rendered":"Wandertag"},"content":{"rendered":"\n<p>&#8222;Der Weg ist das Ziel&#8220; &#8211; Konfuzius<\/p>\n\n\n\n<p>Bei herrlichem Wetter und guter Laune machten sich alle Kinder der VS Klausen-Leopoldsdorf mit ihren Lehrerinnen auf und genossen einen wundersch\u00f6nen Wandertag. Gemeinsam ging es \u00fcber sonnige Wiesen und durch angenehm k\u00fchle W\u00e4lder. Nat\u00fcrlich durfte auch eine Pause mit reichlicher St\u00e4rkung nicht fehlen.<\/p>\n\n\n\n<figure class=\"wp-block-image size-large\"><img data-opt-id=241575482  fetchpriority=\"high\" decoding=\"async\" width=\"1024\" height=\"768\" src=\"https:\/\/mltibhyawa8y.i.optimole.com\/cb:mquh.cde\/w:1024\/h:768\/q:mauto\/f:best\/https:\/\/vsklausen.at\/neu\/wp-content\/uploads\/2024\/06\/IMG-20240617-WA0006-1.jpg\" alt=\"\" class=\"wp-image-6639\" srcset=\"https:\/\/mltibhyawa8y.i.optimole.com\/cb:mquh.cde\/w:1024\/h:768\/q:mauto\/f:best\/https:\/\/vsklausen.at\/neu\/wp-content\/uploads\/2024\/06\/IMG-20240617-WA0006-1.jpg 1024w, https:\/\/mltibhyawa8y.i.optimole.com\/cb:mquh.cde\/w:300\/h:225\/q:mauto\/f:best\/https:\/\/vsklausen.at\/neu\/wp-content\/uploads\/2024\/06\/IMG-20240617-WA0006-1.jpg 300w, https:\/\/mltibhyawa8y.i.optimole.com\/cb:mquh.cde\/w:768\/h:576\/q:mauto\/f:best\/https:\/\/vsklausen.at\/neu\/wp-content\/uploads\/2024\/06\/IMG-20240617-WA0006-1.jpg 768w, https:\/\/mltibhyawa8y.i.optimole.com\/cb:mquh.cde\/w:1536\/h:1152\/q:mauto\/f:best\/https:\/\/vsklausen.at\/neu\/wp-content\/uploads\/2024\/06\/IMG-20240617-WA0006-1.jpg 1536w, https:\/\/mltibhyawa8y.i.optimole.com\/cb:mquh.cde\/w:600\/h:450\/q:mauto\/f:best\/https:\/\/vsklausen.at\/neu\/wp-content\/uploads\/2024\/06\/IMG-20240617-WA0006-1.jpg 600w, https:\/\/mltibhyawa8y.i.optimole.com\/cb:mquh.cde\/w:1920\/h:1440\/q:mauto\/f:best\/https:\/\/vsklausen.at\/neu\/wp-content\/uploads\/2024\/06\/IMG-20240617-WA0006-1.jpg 2040w, https:\/\/mltibhyawa8y.i.optimole.com\/cb:mquh.cde\/w:1920\/h:1440\/q:mauto\/f:best\/dpr:2\/https:\/\/vsklausen.at\/neu\/wp-content\/uploads\/2024\/06\/IMG-20240617-WA0006-1.jpg 2x\" sizes=\"(max-width: 525px) 100vw, 525px\" \/><\/figure>\n\n\n\n<figure class=\"wp-block-image size-large\"><img data-opt-id=1829632043  fetchpriority=\"high\" decoding=\"async\" width=\"768\" height=\"1024\" src=\"https:\/\/mltibhyawa8y.i.optimole.com\/cb:mquh.cde\/w:768\/h:1024\/q:mauto\/f:best\/https:\/\/vsklausen.at\/neu\/wp-content\/uploads\/2024\/06\/IMG-20240620-WA0010-1.jpg\" alt=\"\" class=\"wp-image-6640\" srcset=\"https:\/\/mltibhyawa8y.i.optimole.com\/cb:mquh.cde\/w:768\/h:1024\/q:mauto\/f:best\/https:\/\/vsklausen.at\/neu\/wp-content\/uploads\/2024\/06\/IMG-20240620-WA0010-1.jpg 768w, https:\/\/mltibhyawa8y.i.optimole.com\/cb:mquh.cde\/w:225\/h:300\/q:mauto\/f:best\/https:\/\/vsklausen.at\/neu\/wp-content\/uploads\/2024\/06\/IMG-20240620-WA0010-1.jpg 225w, https:\/\/mltibhyawa8y.i.optimole.com\/cb:mquh.cde\/w:1152\/h:1536\/q:mauto\/f:best\/https:\/\/vsklausen.at\/neu\/wp-content\/uploads\/2024\/06\/IMG-20240620-WA0010-1.jpg 1152w, https:\/\/mltibhyawa8y.i.optimole.com\/cb:mquh.cde\/w:1536\/h:2048\/q:mauto\/f:best\/https:\/\/vsklausen.at\/neu\/wp-content\/uploads\/2024\/06\/IMG-20240620-WA0010-1.jpg 1536w, https:\/\/mltibhyawa8y.i.optimole.com\/cb:mquh.cde\/w:1536\/h:2048\/q:mauto\/f:best\/dpr:2\/https:\/\/vsklausen.at\/neu\/wp-content\/uploads\/2024\/06\/IMG-20240620-WA0010-1.jpg 2x\" sizes=\"(max-width: 525px) 100vw, 525px\" \/><\/figure>\n","protected":false},"excerpt":{"rendered":"<p>&#8222;Der Weg ist das Ziel&#8220; &#8211; Konfuzius Bei herrlichem Wetter und guter Laune machten sich alle Kinder der VS Klausen-Leopoldsdorf mit ihren Lehrerinnen auf und&hellip;<\/p>\n","protected":false},"author":5,"featured_media":0,"comment_status":"closed","ping_status":"closed","sticky":false,"template":"","format":"standard","meta":{"iawp_total_views":0,"footnotes":""},"categories":[29],"tags":[],"class_list":["post-6635","post","type-post","status-publish","format-standard","hentry","category-2023-24"],"_links":{"self":[{"href":"https:\/\/vsklausen.at\/neu\/index.php\/wp-json\/wp\/v2\/posts\/6635","targetHints":{"allow":["GET"]}}],"collection":[{"href":"https:\/\/vsklausen.at\/neu\/index.php\/wp-json\/wp\/v2\/posts"}],"about":[{"href":"https:\/\/vsklausen.at\/neu\/index.php\/wp-json\/wp\/v2\/types\/post"}],"author":[{"embeddable":true,"href":"https:\/\/vsklausen.at\/neu\/index.php\/wp-json\/wp\/v2\/users\/5"}],"replies":[{"embeddable":true,"href":"https:\/\/vsklausen.at\/neu\/index.php\/wp-json\/wp\/v2\/comments?post=6635"}],"version-history":[{"count":1,"href":"https:\/\/vsklausen.at\/neu\/index.php\/wp-json\/wp\/v2\/posts\/6635\/revisions"}],"predecessor-version":[{"id":9225,"href":"https:\/\/vsklausen.at\/neu\/index.php\/wp-json\/wp\/v2\/posts\/6635\/revisions\/9225"}],"wp:attachment":[{"href":"https:\/\/vsklausen.at\/neu\/index.php\/wp-json\/wp\/v2\/media?parent=6635"}],"wp:term":[{"taxonomy":"category","embeddable":true,"href":"https:\/\/vsklausen.at\/neu\/index.php\/wp-json\/wp\/v2\/categories?post=6635"},{"taxonomy":"post_tag","embeddable":true,"href":"https:\/\/vsklausen.at\/neu\/index.php\/wp-json\/wp\/v2\/tags?post=6635"}],"curies":[{"name":"wp","href":"https:\/\/api.w.org\/{rel}","templated":true}]}}