    {"id":7045,"date":"2024-10-21T19:54:04","date_gmt":"2024-10-21T17:54:04","guid":{"rendered":"https:\/\/vsklausen.at\/?p=7045"},"modified":"2025-10-22T16:09:31","modified_gmt":"2025-10-22T14:09:31","slug":"herbstwanderung-2","status":"publish","type":"post","link":"https:\/\/vsklausen.at\/neu\/index.php\/2024\/10\/21\/herbstwanderung-2\/","title":{"rendered":"Herbstwanderung"},"content":{"rendered":"\n<p>Bei windigem Herbstwetter wanderten die Kinder der 1. Klasse durch Klausen-Leopoldsdorf. Wir hatten viel Spa\u00df mit Opa Karli und Charly. Au\u00dferdem versuchten wir unser Gl\u00fcck beim Drachen steigen. Ein lustiger Vormittag, den wir bald wieder einmal wiederholen wollen.<\/p>\n\n\n\n<figure class=\"wp-block-gallery has-nested-images columns-default is-cropped wp-block-gallery-1 is-layout-flex wp-block-gallery-is-layout-flex\">\n<figure class=\"wp-block-image size-large\"><img data-opt-id=1653064032  fetchpriority=\"high\" decoding=\"async\" data-id=\"7046\" src=\"https:\/\/mltibhyawa8y.i.optimole.com\/cb:mquh.cde\/w:1024\/h:768\/q:mauto\/f:best\/https:\/\/vsklausen.at\/wp-content\/uploads\/2024\/10\/IMG_7673-1024x768.jpeg\" alt=\"\" class=\"wp-image-7046\"\/><\/figure>\n\n\n\n<figure class=\"wp-block-image size-large\"><img data-opt-id=1680999597  fetchpriority=\"high\" decoding=\"async\" data-id=\"7047\" src=\"https:\/\/mltibhyawa8y.i.optimole.com\/cb:mquh.cde\/w:768\/h:1024\/q:mauto\/f:best\/https:\/\/vsklausen.at\/wp-content\/uploads\/2024\/10\/IMG_7680-768x1024.jpeg\" alt=\"\" class=\"wp-image-7047\"\/><\/figure>\n\n\n\n<figure class=\"wp-block-image size-large\"><img data-opt-id=1902767822  decoding=\"async\" data-id=\"7048\" src=\"https:\/\/mltibhyawa8y.i.optimole.com\/cb:mquh.cde\/w:768\/h:1024\/q:mauto\/f:best\/https:\/\/vsklausen.at\/wp-content\/uploads\/2024\/10\/IMG_7681-768x1024.jpeg\" alt=\"\" class=\"wp-image-7048\"\/><\/figure>\n\n\n\n<figure class=\"wp-block-image size-large\"><img data-opt-id=1610600271  decoding=\"async\" data-id=\"7050\" src=\"https:\/\/mltibhyawa8y.i.optimole.com\/cb:mquh.cde\/w:768\/h:1024\/q:mauto\/f:best\/https:\/\/vsklausen.at\/wp-content\/uploads\/2024\/10\/IMG_7683-768x1024.jpeg\" alt=\"\" class=\"wp-image-7050\"\/><\/figure>\n\n\n\n<figure class=\"wp-block-image size-large\"><img data-opt-id=1402193173  decoding=\"async\" data-id=\"7052\" src=\"https:\/\/mltibhyawa8y.i.optimole.com\/cb:mquh.cde\/w:768\/h:1024\/q:mauto\/f:best\/https:\/\/vsklausen.at\/wp-content\/uploads\/2024\/10\/IMG_7684-768x1024.jpeg\" alt=\"\" class=\"wp-image-7052\"\/><\/figure>\n\n\n\n<figure class=\"wp-block-image size-large\"><img data-opt-id=130484413  decoding=\"async\" data-id=\"7049\" src=\"https:\/\/mltibhyawa8y.i.optimole.com\/cb:mquh.cde\/w:768\/h:1024\/q:mauto\/f:best\/https:\/\/vsklausen.at\/wp-content\/uploads\/2024\/10\/IMG_7685-768x1024.jpeg\" alt=\"\" class=\"wp-image-7049\"\/><\/figure>\n\n\n\n<figure class=\"wp-block-image size-large\"><img data-opt-id=582355626  decoding=\"async\" data-id=\"7053\" src=\"https:\/\/mltibhyawa8y.i.optimole.com\/cb:mquh.cde\/w:1024\/h:768\/q:mauto\/f:best\/https:\/\/vsklausen.at\/wp-content\/uploads\/2024\/10\/IMG_7674-1024x768.jpeg\" alt=\"\" class=\"wp-image-7053\"\/><\/figure>\n<\/figure>\n\n\n\n<figure class=\"wp-block-gallery has-nested-images columns-default is-cropped wp-block-gallery-2 is-layout-flex wp-block-gallery-is-layout-flex\">\n<figure class=\"wp-block-image size-large\"><img data-opt-id=966685696  decoding=\"async\" data-id=\"7055\" src=\"https:\/\/mltibhyawa8y.i.optimole.com\/cb:mquh.cde\/w:1024\/h:768\/q:mauto\/f:best\/https:\/\/vsklausen.at\/wp-content\/uploads\/2024\/10\/IMG_7679-1-1024x768.jpeg\" alt=\"\" class=\"wp-image-7055\"\/><\/figure>\n<\/figure>\n","protected":false},"excerpt":{"rendered":"<p>Bei windigem Herbstwetter wanderten die Kinder der 1. Klasse durch Klausen-Leopoldsdorf. Wir hatten viel Spa\u00df mit Opa Karli und Charly. Au\u00dferdem versuchten wir unser Gl\u00fcck&hellip;<\/p>\n","protected":false},"author":3,"featured_media":0,"comment_status":"closed","ping_status":"closed","sticky":false,"template":"","format":"standard","meta":{"iawp_total_views":0,"footnotes":""},"categories":[28],"tags":[],"class_list":["post-7045","post","type-post","status-publish","format-standard","hentry","category-2024-25"],"_links":{"self":[{"href":"https:\/\/vsklausen.at\/neu\/index.php\/wp-json\/wp\/v2\/posts\/7045","targetHints":{"allow":["GET"]}}],"collection":[{"href":"https:\/\/vsklausen.at\/neu\/index.php\/wp-json\/wp\/v2\/posts"}],"about":[{"href":"https:\/\/vsklausen.at\/neu\/index.php\/wp-json\/wp\/v2\/types\/post"}],"author":[{"embeddable":true,"href":"https:\/\/vsklausen.at\/neu\/index.php\/wp-json\/wp\/v2\/users\/3"}],"replies":[{"embeddable":true,"href":"https:\/\/vsklausen.at\/neu\/index.php\/wp-json\/wp\/v2\/comments?post=7045"}],"version-history":[{"count":1,"href":"https:\/\/vsklausen.at\/neu\/index.php\/wp-json\/wp\/v2\/posts\/7045\/revisions"}],"predecessor-version":[{"id":8322,"href":"https:\/\/vsklausen.at\/neu\/index.php\/wp-json\/wp\/v2\/posts\/7045\/revisions\/8322"}],"wp:attachment":[{"href":"https:\/\/vsklausen.at\/neu\/index.php\/wp-json\/wp\/v2\/media?parent=7045"}],"wp:term":[{"taxonomy":"category","embeddable":true,"href":"https:\/\/vsklausen.at\/neu\/index.php\/wp-json\/wp\/v2\/categories?post=7045"},{"taxonomy":"post_tag","embeddable":true,"href":"https:\/\/vsklausen.at\/neu\/index.php\/wp-json\/wp\/v2\/tags?post=7045"}],"curies":[{"name":"wp","href":"https:\/\/api.w.org\/{rel}","templated":true}]}}