    {"id":7097,"date":"2024-11-10T10:16:36","date_gmt":"2024-11-10T09:16:36","guid":{"rendered":"https:\/\/vsklausen.at\/?p=7097"},"modified":"2025-10-22T16:10:04","modified_gmt":"2025-10-22T14:10:04","slug":"martinsfest","status":"publish","type":"post","link":"https:\/\/vsklausen.at\/neu\/index.php\/2024\/11\/10\/martinsfest\/","title":{"rendered":"Martinsfest"},"content":{"rendered":"\n<p>Laterne, Laterne, Sonne, Mond und Sterne!<\/p>\n\n\n\n<p>Hell erstrahlten die wundersch\u00f6nen Laternen der Kinder, als wir uns aufmachten, um gemeinsam das Fest des hl. St. Martin zu feiern. Es wurden viele sch\u00f6ne Lieder gesungen und jede Klasse hatte zusammen mit unserem Religionslehrer Gottfried Ostermayer etwas Besonderes f\u00fcr den Wortgottesdienst vorbereitet, welcher von Pater Ferdinand gehalten wurde.<\/p>\n\n\n\n<p>Ein besonderer Dank gilt dem Elternverein f\u00fcr die Betreuung der Punschh\u00fctte, bei der sich im Anschluss alle mit Punsch und verschiedenen Leckereien st\u00e4rken und w\u00e4rmen konnten.<\/p>\n\n\n\n<figure class=\"wp-block-gallery has-nested-images columns-default is-cropped wp-block-gallery-1 is-layout-flex wp-block-gallery-is-layout-flex\">\n<figure class=\"wp-block-image size-large\"><img data-opt-id=966757475  fetchpriority=\"high\" decoding=\"async\" data-id=\"7098\" src=\"https:\/\/mltibhyawa8y.i.optimole.com\/cb:mquh.cde\/w:768\/h:1024\/q:mauto\/f:best\/https:\/\/vsklausen.at\/wp-content\/uploads\/2024\/11\/IMG-20241108-WA0000-768x1024.jpg\" alt=\"\" class=\"wp-image-7098\"\/><\/figure>\n\n\n\n<figure class=\"wp-block-image size-large\"><img data-opt-id=1176657769  fetchpriority=\"high\" decoding=\"async\" data-id=\"7099\" src=\"https:\/\/mltibhyawa8y.i.optimole.com\/cb:mquh.cde\/w:768\/h:1024\/q:mauto\/f:best\/https:\/\/vsklausen.at\/wp-content\/uploads\/2024\/11\/IMG-20241108-WA0007-768x1024.jpg\" alt=\"\" class=\"wp-image-7099\"\/><\/figure>\n\n\n\n<figure class=\"wp-block-image size-large\"><img data-opt-id=1176581056  decoding=\"async\" data-id=\"7102\" src=\"https:\/\/mltibhyawa8y.i.optimole.com\/cb:mquh.cde\/w:768\/h:1024\/q:mauto\/f:best\/https:\/\/vsklausen.at\/wp-content\/uploads\/2024\/11\/IMG-20241108-WA0008-768x1024.jpg\" alt=\"\" class=\"wp-image-7102\"\/><\/figure>\n\n\n\n<figure class=\"wp-block-image size-large\"><img data-opt-id=1329919141  decoding=\"async\" data-id=\"7100\" src=\"https:\/\/mltibhyawa8y.i.optimole.com\/cb:mquh.cde\/w:1024\/h:768\/q:mauto\/f:best\/https:\/\/vsklausen.at\/wp-content\/uploads\/2024\/11\/IMG-20241108-WA0009-1024x768.jpg\" alt=\"\" class=\"wp-image-7100\"\/><\/figure>\n\n\n\n<figure class=\"wp-block-image size-large\"><img data-opt-id=330888596  decoding=\"async\" data-id=\"7101\" src=\"https:\/\/mltibhyawa8y.i.optimole.com\/cb:mquh.cde\/w:768\/h:1024\/q:mauto\/f:best\/https:\/\/vsklausen.at\/wp-content\/uploads\/2024\/11\/IMG-20241108-WA0010-768x1024.jpg\" alt=\"\" class=\"wp-image-7101\"\/><\/figure>\n<\/figure>\n\n\n\n<figure class=\"wp-block-gallery has-nested-images columns-default is-cropped wp-block-gallery-2 is-layout-flex wp-block-gallery-is-layout-flex\">\n<figure class=\"wp-block-image size-large\"><img data-opt-id=532734214  decoding=\"async\" data-id=\"7111\" src=\"https:\/\/mltibhyawa8y.i.optimole.com\/cb:mquh.cde\/w:1024\/h:768\/q:mauto\/f:best\/https:\/\/vsklausen.at\/wp-content\/uploads\/2024\/11\/IMG-20241107-WA0010-1-1024x768.jpg\" alt=\"\" class=\"wp-image-7111\"\/><\/figure>\n\n\n\n<figure class=\"wp-block-image size-large\"><img data-opt-id=397990820  decoding=\"async\" data-id=\"7112\" src=\"https:\/\/mltibhyawa8y.i.optimole.com\/cb:mquh.cde\/w:1024\/h:768\/q:mauto\/f:best\/https:\/\/vsklausen.at\/wp-content\/uploads\/2024\/11\/IMG-20241107-WA0011-1-1024x768.jpg\" alt=\"\" class=\"wp-image-7112\"\/><\/figure>\n<\/figure>\n\n\n\n<figure class=\"wp-block-gallery has-nested-images columns-default is-cropped wp-block-gallery-3 is-layout-flex wp-block-gallery-is-layout-flex\">\n<figure class=\"wp-block-image size-large\"><img data-opt-id=1174099236  decoding=\"async\" data-id=\"7113\" src=\"https:\/\/mltibhyawa8y.i.optimole.com\/cb:mquh.cde\/w:1024\/h:768\/q:mauto\/f:best\/https:\/\/vsklausen.at\/wp-content\/uploads\/2024\/11\/IMG-20241107-WA0008-3-1024x768.jpg\" alt=\"\" class=\"wp-image-7113\"\/><\/figure>\n\n\n\n<figure class=\"wp-block-image size-large\"><img data-opt-id=241178371  decoding=\"async\" data-id=\"7114\" src=\"https:\/\/mltibhyawa8y.i.optimole.com\/cb:mquh.cde\/w:1024\/h:768\/q:mauto\/f:best\/https:\/\/vsklausen.at\/wp-content\/uploads\/2024\/11\/IMG-20241107-WA0013-1-1024x768.jpg\" alt=\"\" class=\"wp-image-7114\"\/><\/figure>\n<\/figure>\n\n\n\n<figure class=\"wp-block-gallery has-nested-images columns-default is-cropped wp-block-gallery-4 is-layout-flex wp-block-gallery-is-layout-flex\">\n<figure class=\"wp-block-image size-large\"><img data-opt-id=785433864  decoding=\"async\" data-id=\"7115\" src=\"https:\/\/mltibhyawa8y.i.optimole.com\/cb:mquh.cde\/w:1024\/h:768\/q:mauto\/f:best\/https:\/\/vsklausen.at\/wp-content\/uploads\/2024\/11\/IMG-20241107-WA0007-1-1024x768.jpg\" alt=\"\" class=\"wp-image-7115\"\/><\/figure>\n\n\n\n<figure class=\"wp-block-image size-large\"><img data-opt-id=1989630955  decoding=\"async\" data-id=\"7116\" src=\"https:\/\/mltibhyawa8y.i.optimole.com\/cb:mquh.cde\/w:1024\/h:768\/q:mauto\/f:best\/https:\/\/vsklausen.at\/wp-content\/uploads\/2024\/11\/IMG-20241107-WA0012-1-1024x768.jpg\" alt=\"\" class=\"wp-image-7116\"\/><\/figure>\n<\/figure>\n","protected":false},"excerpt":{"rendered":"<p>Laterne, Laterne, Sonne, Mond und Sterne! Hell erstrahlten die wundersch\u00f6nen Laternen der Kinder, als wir uns aufmachten, um gemeinsam das Fest des hl. St. Martin&hellip;<\/p>\n","protected":false},"author":5,"featured_media":0,"comment_status":"closed","ping_status":"closed","sticky":false,"template":"","format":"standard","meta":{"iawp_total_views":0,"footnotes":""},"categories":[28,5],"tags":[],"class_list":["post-7097","post","type-post","status-publish","format-standard","hentry","category-2024-25","category-4-schulstufe"],"_links":{"self":[{"href":"https:\/\/vsklausen.at\/neu\/index.php\/wp-json\/wp\/v2\/posts\/7097","targetHints":{"allow":["GET"]}}],"collection":[{"href":"https:\/\/vsklausen.at\/neu\/index.php\/wp-json\/wp\/v2\/posts"}],"about":[{"href":"https:\/\/vsklausen.at\/neu\/index.php\/wp-json\/wp\/v2\/types\/post"}],"author":[{"embeddable":true,"href":"https:\/\/vsklausen.at\/neu\/index.php\/wp-json\/wp\/v2\/users\/5"}],"replies":[{"embeddable":true,"href":"https:\/\/vsklausen.at\/neu\/index.php\/wp-json\/wp\/v2\/comments?post=7097"}],"version-history":[{"count":1,"href":"https:\/\/vsklausen.at\/neu\/index.php\/wp-json\/wp\/v2\/posts\/7097\/revisions"}],"predecessor-version":[{"id":8320,"href":"https:\/\/vsklausen.at\/neu\/index.php\/wp-json\/wp\/v2\/posts\/7097\/revisions\/8320"}],"wp:attachment":[{"href":"https:\/\/vsklausen.at\/neu\/index.php\/wp-json\/wp\/v2\/media?parent=7097"}],"wp:term":[{"taxonomy":"category","embeddable":true,"href":"https:\/\/vsklausen.at\/neu\/index.php\/wp-json\/wp\/v2\/categories?post=7097"},{"taxonomy":"post_tag","embeddable":true,"href":"https:\/\/vsklausen.at\/neu\/index.php\/wp-json\/wp\/v2\/tags?post=7097"}],"curies":[{"name":"wp","href":"https:\/\/api.w.org\/{rel}","templated":true}]}}