    {"id":7172,"date":"2024-12-05T17:45:05","date_gmt":"2024-12-05T16:45:05","guid":{"rendered":"https:\/\/vsklausen.at\/?p=7172"},"modified":"2025-10-22T16:10:35","modified_gmt":"2025-10-22T14:10:35","slug":"adventkranzsegnung","status":"publish","type":"post","link":"https:\/\/vsklausen.at\/neu\/index.php\/2024\/12\/05\/adventkranzsegnung\/","title":{"rendered":"Adventkranzsegnung"},"content":{"rendered":"\n<p>Am Dienstag versammelten sich alle Klassen um die wundersch\u00f6nen Adventkr\u00e4nze, die uns vom Elternverein zu Verf\u00fcgung gestellt wurden, von Pater Emmeram segnen zu lassen. Gemeinsam mit unserem Religionslehrer Herrn Ostermayer wurden Lieder gesungen. Die Kinder der vierten Klasse lasen die F\u00fcrbitten und die Kinder der dritten Klasse zeigten einen kurzen Lichtertanz vor. Es war eine sch\u00f6ne Einstimmung auf die Adventzeit.<\/p>\n\n\n\n<figure class=\"wp-block-gallery has-nested-images columns-default is-cropped wp-block-gallery-1 is-layout-flex wp-block-gallery-is-layout-flex\">\n<figure class=\"wp-block-image size-large\"><img data-opt-id=1954602899  fetchpriority=\"high\" decoding=\"async\" data-id=\"7176\" src=\"https:\/\/mltibhyawa8y.i.optimole.com\/cb:mquh.cde\/w:1024\/h:768\/q:mauto\/f:best\/https:\/\/vsklausen.at\/wp-content\/uploads\/2024\/12\/IMG-20241203-WA0003-1024x768.jpg\" alt=\"\" class=\"wp-image-7176\"\/><\/figure>\n\n\n\n<figure class=\"wp-block-image size-large\"><img data-opt-id=538779926  fetchpriority=\"high\" decoding=\"async\" data-id=\"7177\" src=\"https:\/\/mltibhyawa8y.i.optimole.com\/cb:mquh.cde\/w:1024\/h:768\/q:mauto\/f:best\/https:\/\/vsklausen.at\/wp-content\/uploads\/2024\/12\/IMG-20241203-WA0001-1024x768.jpg\" alt=\"\" class=\"wp-image-7177\"\/><\/figure>\n\n\n\n<figure class=\"wp-block-image size-large\"><img data-opt-id=101809640  decoding=\"async\" data-id=\"7175\" src=\"https:\/\/mltibhyawa8y.i.optimole.com\/cb:mquh.cde\/w:1024\/h:768\/q:mauto\/f:best\/https:\/\/vsklausen.at\/wp-content\/uploads\/2024\/12\/IMG-20241203-WA0006-1024x768.jpg\" alt=\"\" class=\"wp-image-7175\"\/><\/figure>\n\n\n\n<figure class=\"wp-block-image size-large\"><img data-opt-id=1870165845  decoding=\"async\" data-id=\"7173\" src=\"https:\/\/mltibhyawa8y.i.optimole.com\/cb:mquh.cde\/w:1024\/h:768\/q:mauto\/f:best\/https:\/\/vsklausen.at\/wp-content\/uploads\/2024\/12\/IMG-20241203-WA0000-1024x768.jpg\" alt=\"\" class=\"wp-image-7173\"\/><\/figure>\n\n\n\n<figure class=\"wp-block-image size-large\"><img data-opt-id=1136368754  decoding=\"async\" data-id=\"7174\" src=\"https:\/\/mltibhyawa8y.i.optimole.com\/cb:mquh.cde\/w:1024\/h:768\/q:mauto\/f:best\/https:\/\/vsklausen.at\/wp-content\/uploads\/2024\/12\/IMG-20241203-WA0002-1024x768.jpg\" alt=\"\" class=\"wp-image-7174\"\/><\/figure>\n<\/figure>\n","protected":false},"excerpt":{"rendered":"<p>Am Dienstag versammelten sich alle Klassen um die wundersch\u00f6nen Adventkr\u00e4nze, die uns vom Elternverein zu Verf\u00fcgung gestellt wurden, von Pater Emmeram segnen zu lassen. Gemeinsam&hellip;<\/p>\n","protected":false},"author":5,"featured_media":0,"comment_status":"closed","ping_status":"closed","sticky":false,"template":"","format":"standard","meta":{"iawp_total_views":0,"footnotes":""},"categories":[28],"tags":[],"class_list":["post-7172","post","type-post","status-publish","format-standard","hentry","category-2024-25"],"_links":{"self":[{"href":"https:\/\/vsklausen.at\/neu\/index.php\/wp-json\/wp\/v2\/posts\/7172","targetHints":{"allow":["GET"]}}],"collection":[{"href":"https:\/\/vsklausen.at\/neu\/index.php\/wp-json\/wp\/v2\/posts"}],"about":[{"href":"https:\/\/vsklausen.at\/neu\/index.php\/wp-json\/wp\/v2\/types\/post"}],"author":[{"embeddable":true,"href":"https:\/\/vsklausen.at\/neu\/index.php\/wp-json\/wp\/v2\/users\/5"}],"replies":[{"embeddable":true,"href":"https:\/\/vsklausen.at\/neu\/index.php\/wp-json\/wp\/v2\/comments?post=7172"}],"version-history":[{"count":1,"href":"https:\/\/vsklausen.at\/neu\/index.php\/wp-json\/wp\/v2\/posts\/7172\/revisions"}],"predecessor-version":[{"id":8318,"href":"https:\/\/vsklausen.at\/neu\/index.php\/wp-json\/wp\/v2\/posts\/7172\/revisions\/8318"}],"wp:attachment":[{"href":"https:\/\/vsklausen.at\/neu\/index.php\/wp-json\/wp\/v2\/media?parent=7172"}],"wp:term":[{"taxonomy":"category","embeddable":true,"href":"https:\/\/vsklausen.at\/neu\/index.php\/wp-json\/wp\/v2\/categories?post=7172"},{"taxonomy":"post_tag","embeddable":true,"href":"https:\/\/vsklausen.at\/neu\/index.php\/wp-json\/wp\/v2\/tags?post=7172"}],"curies":[{"name":"wp","href":"https:\/\/api.w.org\/{rel}","templated":true}]}}