    {"id":7202,"date":"2024-12-10T13:34:22","date_gmt":"2024-12-10T12:34:22","guid":{"rendered":"https:\/\/vsklausen.at\/?p=7202"},"modified":"2025-11-17T16:11:29","modified_gmt":"2025-11-17T15:11:29","slug":"der-nikolaus-war-da","status":"publish","type":"post","link":"https:\/\/vsklausen.at\/neu\/index.php\/2024\/12\/10\/der-nikolaus-war-da\/","title":{"rendered":"Der Nikolaus war da!"},"content":{"rendered":"\n<p>Am 6. Dezember besuchte uns der Nikolaus in der Schule. Die Kinder der ersten Klasse hatten ein Lied einge\u00fcbt, das sie dem Nikolaus eifrig vorsangen. Ein stimmungsvolles Gedicht wurde uns von der dritten Klasse vorgetragen.<\/p>\n\n\n\n<p>Anschlie\u00dfend erz\u00e4hlte uns Pater Emmeram die Nikolausgeschichte. Die Kinder konnten es kaum erwarten, doch dann endlich verteilte der Nikolaus die gef\u00fcllten Stiefel und S\u00e4ckchen an die Kinder. Wir bedanken uns herzlich beim Elternverein f\u00fcr die gro\u00dfartige Unterst\u00fctzung!<\/p>\n\n\n\n<figure class=\"wp-block-gallery has-nested-images columns-default is-cropped wp-block-gallery-1 is-layout-flex wp-block-gallery-is-layout-flex\">\n<figure class=\"wp-block-image size-large\"><img data-opt-id=983825828  fetchpriority=\"high\" decoding=\"async\" width=\"1920\" height=\"2560\" data-id=\"9494\" src=\"https:\/\/mltibhyawa8y.i.optimole.com\/w:525\/h:700\/cb:mquh.cde\/f:best\/q:mauto\/id:dbf23435215ade3a28e5ab9db7dc19f0\/https:\/\/vsklausen.at\/20241206_101822-scaled.jpg\" alt=\"\" class=\"wp-image-9494\"\/><\/figure>\n\n\n\n<figure class=\"wp-block-image size-large\"><img data-opt-id=2127959255  fetchpriority=\"high\" decoding=\"async\" width=\"3468\" height=\"4624\" data-id=\"9495\" src=\"https:\/\/mltibhyawa8y.i.optimole.com\/w:525\/h:700\/cb:mquh.cde\/f:best\/q:mauto\/id:916c1ad2f64a230a1ba975eabb148ecf\/https:\/\/vsklausen.at\/20241206_102726.jpg\" alt=\"\" class=\"wp-image-9495\"\/><\/figure>\n\n\n\n<figure class=\"wp-block-image size-large\"><img data-opt-id=524714311  decoding=\"async\" width=\"3468\" height=\"4624\" data-id=\"9497\" src=\"https:\/\/mltibhyawa8y.i.optimole.com\/w:525\/h:700\/cb:mquh.cde\/f:best\/q:mauto\/id:c40ffcbc338b5fd2857db4e8b9b5ee7d\/https:\/\/vsklausen.at\/20241206_101929.jpg\" alt=\"\" class=\"wp-image-9497\"\/><\/figure>\n\n\n\n<figure class=\"wp-block-image size-large\"><img data-opt-id=641806936  decoding=\"async\" width=\"4624\" height=\"3468\" data-id=\"9498\" src=\"https:\/\/mltibhyawa8y.i.optimole.com\/w:525\/h:394\/cb:mquh.cde\/f:best\/q:mauto\/id:ac0f5639bf7380aa92dff4068198a5d5\/https:\/\/vsklausen.at\/20241206_102718.jpg\" alt=\"\" class=\"wp-image-9498\"\/><\/figure>\n<\/figure>\n","protected":false},"excerpt":{"rendered":"<p>Am 6. Dezember besuchte uns der Nikolaus in der Schule. Die Kinder der ersten Klasse hatten ein Lied einge\u00fcbt, das sie dem Nikolaus eifrig vorsangen.&hellip;<\/p>\n","protected":false},"author":5,"featured_media":9498,"comment_status":"closed","ping_status":"closed","sticky":false,"template":"","format":"standard","meta":{"iawp_total_views":5,"footnotes":""},"categories":[28],"tags":[],"class_list":["post-7202","post","type-post","status-publish","format-standard","has-post-thumbnail","hentry","category-2024-25"],"_links":{"self":[{"href":"https:\/\/vsklausen.at\/neu\/index.php\/wp-json\/wp\/v2\/posts\/7202","targetHints":{"allow":["GET"]}}],"collection":[{"href":"https:\/\/vsklausen.at\/neu\/index.php\/wp-json\/wp\/v2\/posts"}],"about":[{"href":"https:\/\/vsklausen.at\/neu\/index.php\/wp-json\/wp\/v2\/types\/post"}],"author":[{"embeddable":true,"href":"https:\/\/vsklausen.at\/neu\/index.php\/wp-json\/wp\/v2\/users\/5"}],"replies":[{"embeddable":true,"href":"https:\/\/vsklausen.at\/neu\/index.php\/wp-json\/wp\/v2\/comments?post=7202"}],"version-history":[{"count":2,"href":"https:\/\/vsklausen.at\/neu\/index.php\/wp-json\/wp\/v2\/posts\/7202\/revisions"}],"predecessor-version":[{"id":9499,"href":"https:\/\/vsklausen.at\/neu\/index.php\/wp-json\/wp\/v2\/posts\/7202\/revisions\/9499"}],"wp:featuredmedia":[{"embeddable":true,"href":"https:\/\/vsklausen.at\/neu\/index.php\/wp-json\/wp\/v2\/media\/9498"}],"wp:attachment":[{"href":"https:\/\/vsklausen.at\/neu\/index.php\/wp-json\/wp\/v2\/media?parent=7202"}],"wp:term":[{"taxonomy":"category","embeddable":true,"href":"https:\/\/vsklausen.at\/neu\/index.php\/wp-json\/wp\/v2\/categories?post=7202"},{"taxonomy":"post_tag","embeddable":true,"href":"https:\/\/vsklausen.at\/neu\/index.php\/wp-json\/wp\/v2\/tags?post=7202"}],"curies":[{"name":"wp","href":"https:\/\/api.w.org\/{rel}","templated":true}]}}